{"id":2034,"date":"2015-05-09T12:04:17","date_gmt":"2015-05-09T10:04:17","guid":{"rendered":"http:\/\/www.ffkirchschlag.at\/?p=2034"},"modified":"2015-05-09T12:04:36","modified_gmt":"2015-05-09T10:04:36","slug":"terminankuendigung-schulung-mit-linz-ag","status":"publish","type":"post","link":"https:\/\/www.ffkirchschlag.at\/?p=2034","title":{"rendered":"Terminank\u00fcndigung"},"content":{"rendered":"<p>Am Dienstag, 26. Mai 2015 findet um 19:30 Uhr im Feuerwehrhaus Kirchschlag eine Schulung zum Thema &#8222;Elektrizit\u00e4t \u2013 Gefahren, Vorgehensweise etc. im Einsatzfall&#8220; in Zusammenarbeit mit der LinzAG statt.<!--more--><\/p>\n<p>Da falsches Handeln bei Eins\u00e4tzen im Bereich von elektrischen Anlagen etc. unter Umst\u00e4nden lebensgef\u00e4hrlich sein kann, ist es von gro\u00dfer Wichtigkeit, dass unsere Kameraden in diesem Thema bestens ausgebildet sind. Zu diesem Zweck d\u00fcrfen wir auch einen Fachmann der Linz AG bei uns begr\u00fc\u00dfen &#8211; HBI G\u00fcnther Saumer, 1. KDT-Stv. der BTF Linz AG, wird diese Schulung durchf\u00fchren und steht im Anschluss auch f\u00fcr unsere offenen Fragen zur Verf\u00fcgung.<\/p>\n<p>Das Kommando bittet alle Kameraden, sich diesen Termin bereits jetzt vorzumerken, damit unsere Feuerwehr hier m\u00f6glichst geschlossen auftreten kann.<\/p>\n","protected":false},"excerpt":{"rendered":"<p>Am Dienstag, 26. Mai 2015 findet um 19:30 Uhr im Feuerwehrhaus Kirchschlag eine Schulung zum Thema &#8222;Elektrizit\u00e4t \u2013 Gefahren, Vorgehensweise<\/p>\n","protected":false},"author":8,"featured_media":2035,"comment_status":"closed","ping_status":"closed","sticky":false,"template":"","format":"standard","meta":{"ngg_post_thumbnail":0,"footnotes":"","_jetpack_memberships_contains_paid_content":false},"categories":[1],"tags":[],"jetpack_featured_media_url":"https:\/\/www.ffkirchschlag.at\/wp-content\/uploads\/2015\/05\/Beitragsbild_SchulungLinzAG.jpg","jetpack_sharing_enabled":true,"jetpack_likes_enabled":false,"_links":{"self":[{"href":"https:\/\/www.ffkirchschlag.at\/index.php?rest_route=\/wp\/v2\/posts\/2034"}],"collection":[{"href":"https:\/\/www.ffkirchschlag.at\/index.php?rest_route=\/wp\/v2\/posts"}],"about":[{"href":"https:\/\/www.ffkirchschlag.at\/index.php?rest_route=\/wp\/v2\/types\/post"}],"author":[{"embeddable":true,"href":"https:\/\/www.ffkirchschlag.at\/index.php?rest_route=\/wp\/v2\/users\/8"}],"replies":[{"embeddable":true,"href":"https:\/\/www.ffkirchschlag.at\/index.php?rest_route=%2Fwp%2Fv2%2Fcomments&post=2034"}],"version-history":[{"count":2,"href":"https:\/\/www.ffkirchschlag.at\/index.php?rest_route=\/wp\/v2\/posts\/2034\/revisions"}],"predecessor-version":[{"id":2037,"href":"https:\/\/www.ffkirchschlag.at\/index.php?rest_route=\/wp\/v2\/posts\/2034\/revisions\/2037"}],"wp:featuredmedia":[{"embeddable":true,"href":"https:\/\/www.ffkirchschlag.at\/index.php?rest_route=\/wp\/v2\/media\/2035"}],"wp:attachment":[{"href":"https:\/\/www.ffkirchschlag.at\/index.php?rest_route=%2Fwp%2Fv2%2Fmedia&parent=2034"}],"wp:term":[{"taxonomy":"category","embeddable":true,"href":"https:\/\/www.ffkirchschlag.at\/index.php?rest_route=%2Fwp%2Fv2%2Fcategories&post=2034"},{"taxonomy":"post_tag","embeddable":true,"href":"https:\/\/www.ffkirchschlag.at\/index.php?rest_route=%2Fwp%2Fv2%2Ftags&post=2034"}],"curies":[{"name":"wp","href":"https:\/\/api.w.org\/{rel}","templated":true}]}}