{"id":11721,"date":"2026-09-01T16:47:00","date_gmt":"2026-09-01T14:47:00","guid":{"rendered":"https:\/\/www.ffkirchschlag.at\/?p=11721"},"modified":"2026-09-01T16:47:00","modified_gmt":"2026-09-01T14:47:00","slug":"80er-raimund-gangl","status":"publish","type":"post","link":"https:\/\/www.ffkirchschlag.at\/?p=11721","title":{"rendered":"80er Raimund Gangl"},"content":{"rendered":"<p>Zu seinem 80er lud Ehrenkommandant Raimund Gangl ins Waldh\u00e4usl ein.<!--more--><br \/>\nDie zuletzt so erfolgreiche Elitegruppe, wo er auch immer wieder aushalf, eine Abordnung des Kommandos und seine beiden Stellvertreter w\u00e4hrend seiner insgesamt 5 Amtszeiten gratulierten Raimund zum runden Geburtstag! Auch B\u00fcrgermeister Ing. G\u00fcnter Kaiser folgte der Einladung.<br \/>\nBei Pizza und k\u00fchlen Getr\u00e4nken fand der Abend einen gem\u00fctlichen Ausklang.<\/p>\n<p>Lieber Raimund, die Feuerwehr Kirchschlag gratuliert dir ebenfalls zum 80er. Bleib weiter so fit und gesund, deine Kameraden!<\/p>\nngg_shortcode_0_placeholder\n","protected":false},"excerpt":{"rendered":"<p>Zu seinem 80er lud Ehrenkommandant Raimund Gangl ins Waldh\u00e4usl ein.<\/p>\n","protected":false},"author":8,"featured_media":11727,"comment_status":"closed","ping_status":"closed","sticky":false,"template":"","format":"standard","meta":{"ngg_post_thumbnail":0,"footnotes":"","_jetpack_memberships_contains_paid_content":false},"categories":[1],"tags":[],"jetpack_featured_media_url":"https:\/\/www.ffkirchschlag.at\/wp-content\/uploads\/2026\/09\/Raimund80_1-scaled.jpg","jetpack_sharing_enabled":true,"jetpack_likes_enabled":false,"_links":{"self":[{"href":"https:\/\/www.ffkirchschlag.at\/index.php?rest_route=\/wp\/v2\/posts\/11721"}],"collection":[{"href":"https:\/\/www.ffkirchschlag.at\/index.php?rest_route=\/wp\/v2\/posts"}],"about":[{"href":"https:\/\/www.ffkirchschlag.at\/index.php?rest_route=\/wp\/v2\/types\/post"}],"author":[{"embeddable":true,"href":"https:\/\/www.ffkirchschlag.at\/index.php?rest_route=\/wp\/v2\/users\/8"}],"replies":[{"embeddable":true,"href":"https:\/\/www.ffkirchschlag.at\/index.php?rest_route=%2Fwp%2Fv2%2Fcomments&post=11721"}],"version-history":[{"count":1,"href":"https:\/\/www.ffkirchschlag.at\/index.php?rest_route=\/wp\/v2\/posts\/11721\/revisions"}],"predecessor-version":[{"id":11728,"href":"https:\/\/www.ffkirchschlag.at\/index.php?rest_route=\/wp\/v2\/posts\/11721\/revisions\/11728"}],"wp:featuredmedia":[{"embeddable":true,"href":"https:\/\/www.ffkirchschlag.at\/index.php?rest_route=\/wp\/v2\/media\/11727"}],"wp:attachment":[{"href":"https:\/\/www.ffkirchschlag.at\/index.php?rest_route=%2Fwp%2Fv2%2Fmedia&parent=11721"}],"wp:term":[{"taxonomy":"category","embeddable":true,"href":"https:\/\/www.ffkirchschlag.at\/index.php?rest_route=%2Fwp%2Fv2%2Fcategories&post=11721"},{"taxonomy":"post_tag","embeddable":true,"href":"https:\/\/www.ffkirchschlag.at\/index.php?rest_route=%2Fwp%2Fv2%2Ftags&post=11721"}],"curies":[{"name":"wp","href":"https:\/\/api.w.org\/{rel}","templated":true}]}}