{"id":11684,"date":"2026-08-28T13:45:08","date_gmt":"2026-08-28T11:45:08","guid":{"rendered":"https:\/\/www.ffkirchschlag.at\/?p=11684"},"modified":"2026-08-28T13:45:08","modified_gmt":"2026-08-28T11:45:08","slug":"ferienpassaktion-2026","status":"publish","type":"post","link":"https:\/\/www.ffkirchschlag.at\/?p=11684","title":{"rendered":"Ferienpassaktion 2026"},"content":{"rendered":"<p>Am Donnerstag, den&nbsp;27.08.2026, veranstaltete die Feuerwehr Kirchschlag im Rahmen der Ferienpassaktion einen spannenden Nachmittag bei der Feuerwehr.<\/p>\n<p>Dabei konnten die Kinder die Feuerwehr hautnah erleben und selbst verschiedene Ger\u00e4te und Fahrzeuge ausprobieren.<\/p>\n<p>&#x1f539; Besichtigung unserer Feuerwehrfahrzeuge<br \/>\n&#x1f539; Spannende Rundfahrt mit den Feuerwehrfahrzeugen&nbsp;<br \/>\n&#x1f539; Wasser aus einem Teich ansaugen und anschlie\u00dfend selbst mit den Strahlrohren spritzen&nbsp;<br \/>\n&#x1f539; Abk\u00fchlung mit dem Hochleistungsl\u00fcfter&nbsp;<br \/>\n&#x1f539; Atemschutzmasken ausprobieren<br \/>\n&#x1f539; Arbeiten mit dem hydraulischen Rettungsger\u00e4t<br \/>\n&#x1f539; Ausprobieren der Hebekissen<\/p>\nngg_shortcode_0_placeholder\n<p>F\u00fcr jede Menge Spa\u00df, Action und spannende Einblicke war gesorgt. Besonders beim&nbsp;Wasserspritzen konnten sich die Kinder selbst als kleine Feuerwehrleute versuchen.<\/p>\n<p>Ein&nbsp;herzliches Dankesch\u00f6n an unsere Feuerwehrjugend f\u00fcr die tatkr\u00e4ftige Unterst\u00fctzung bei der Ferienpassaktion!&nbsp;<\/p>\n","protected":false},"excerpt":{"rendered":"<p>Am Donnerstag, den&nbsp;27.08.2026, veranstaltete die Feuerwehr Kirchschlag im Rahmen der Ferienpassaktion einen spannenden Nachmittag bei der Feuerwehr. Dabei konnten die<\/p>\n","protected":false},"author":7,"featured_media":11685,"comment_status":"closed","ping_status":"closed","sticky":false,"template":"","format":"standard","meta":{"ngg_post_thumbnail":0,"footnotes":"","_jetpack_memberships_contains_paid_content":false},"categories":[1],"tags":[],"jetpack_featured_media_url":"https:\/\/www.ffkirchschlag.at\/wp-content\/uploads\/2026\/08\/WhatsApp-Image-2026-08-27-at-22.29.28-1.jpeg","jetpack_sharing_enabled":true,"jetpack_likes_enabled":false,"_links":{"self":[{"href":"https:\/\/www.ffkirchschlag.at\/index.php?rest_route=\/wp\/v2\/posts\/11684"}],"collection":[{"href":"https:\/\/www.ffkirchschlag.at\/index.php?rest_route=\/wp\/v2\/posts"}],"about":[{"href":"https:\/\/www.ffkirchschlag.at\/index.php?rest_route=\/wp\/v2\/types\/post"}],"author":[{"embeddable":true,"href":"https:\/\/www.ffkirchschlag.at\/index.php?rest_route=\/wp\/v2\/users\/7"}],"replies":[{"embeddable":true,"href":"https:\/\/www.ffkirchschlag.at\/index.php?rest_route=%2Fwp%2Fv2%2Fcomments&post=11684"}],"version-history":[{"count":3,"href":"https:\/\/www.ffkirchschlag.at\/index.php?rest_route=\/wp\/v2\/posts\/11684\/revisions"}],"predecessor-version":[{"id":11702,"href":"https:\/\/www.ffkirchschlag.at\/index.php?rest_route=\/wp\/v2\/posts\/11684\/revisions\/11702"}],"wp:featuredmedia":[{"embeddable":true,"href":"https:\/\/www.ffkirchschlag.at\/index.php?rest_route=\/wp\/v2\/media\/11685"}],"wp:attachment":[{"href":"https:\/\/www.ffkirchschlag.at\/index.php?rest_route=%2Fwp%2Fv2%2Fmedia&parent=11684"}],"wp:term":[{"taxonomy":"category","embeddable":true,"href":"https:\/\/www.ffkirchschlag.at\/index.php?rest_route=%2Fwp%2Fv2%2Fcategories&post=11684"},{"taxonomy":"post_tag","embeddable":true,"href":"https:\/\/www.ffkirchschlag.at\/index.php?rest_route=%2Fwp%2Fv2%2Ftags&post=11684"}],"curies":[{"name":"wp","href":"https:\/\/api.w.org\/{rel}","templated":true}]}}