{"id":11284,"date":"2026-03-01T11:08:11","date_gmt":"2026-03-01T09:08:11","guid":{"rendered":"https:\/\/www.ffkirchschlag.at\/?p=11284"},"modified":"2026-03-01T11:14:51","modified_gmt":"2026-03-01T09:14:51","slug":"atemschutzleistungspruefung-am-27-02-2026","status":"publish","type":"post","link":"https:\/\/www.ffkirchschlag.at\/?p=11284","title":{"rendered":"Atemschutzleistungspr\u00fcfung am 27.02.2026"},"content":{"rendered":"<p><span data-tt=\"{&quot;paragraphStyle&quot;:{&quot;alignment&quot;:4}}\">Am Freitag, dem 27.02.2026, stellten sich zwei Atemschutztrupps der FF Kirchschlag der Atemschutzleistungspr\u00fcfung in Silber.<\/p>\n<p><\/span><!--more--><\/p>\n<p><strong>Trupp 1:<br \/>\n<\/strong><span data-tt=\"{&quot;paragraphStyle&quot;:{&quot;alignment&quot;:4}}\">LM Gangl Patrick<br \/>\n<\/span><span data-tt=\"{&quot;paragraphStyle&quot;:{&quot;alignment&quot;:4}}\">OBM d.F. Oberm\u00fcller Lukas<br \/>\n<\/span><span data-tt=\"{&quot;paragraphStyle&quot;:{&quot;alignment&quot;:4}}\">HBM d.F. Oberm\u00fcller Daniel<\/span><\/p>\n<p><strong>Trupp 2:<br \/>\n<\/strong><span data-tt=\"{&quot;paragraphStyle&quot;:{&quot;alignment&quot;:4}}\">HBM d.F. Enzenhofer Gregor<br \/>\n<\/span><span data-tt=\"{&quot;paragraphStyle&quot;:{&quot;alignment&quot;:4}}\">HFM Manzenreiter Sebastian<br \/>\n<\/span><span data-tt=\"{&quot;paragraphStyle&quot;:{&quot;alignment&quot;:4}}\">HBM d.F. Pichler Alexander<br \/>\n<\/span><\/p>\n<p><span data-tt=\"{&quot;paragraphStyle&quot;:{&quot;alignment&quot;:4}}\">Beide Trupps konnten das Atemschutzleistungsabzeichen mit Bravour erreichen und zeigten dabei ihr K\u00f6nnen und ihren starken Teamgeist. Danach gab es z<\/span>ur St\u00e4rkung f\u00fcr die Kameraden ein Bratl in der Rein.<\/p>\nngg_shortcode_0_placeholder\n<p>&nbsp;<\/p>\n<p>&nbsp;<\/p>\n<p><span data-tt=\"{&quot;paragraphStyle&quot;:{&quot;alignment&quot;:4}}\">Ein gro\u00dfes Dankesch\u00f6n gilt unserem Atemschutzwart HBM d.F. Leimhofer Harald sowie seinem Stellvertreter OBM d.F. Eckerstorfer Daniel f\u00fcr die hervorragende Vorbereitung und die tatkr\u00e4ftige Unterst\u00fctzung w\u00e4hrend der Ausbildung.<\/span><\/p>\n<p><span data-tt=\"{&quot;paragraphStyle&quot;:{&quot;alignment&quot;:4}}\">Die Feuerwehr Kirchschlag gratuliert allen Kameraden herzlich zu dieser tollen Leistung und w\u00fcnscht weiterhin viel Erfolg sowie unfallfreie Eins\u00e4tze.<\/span><\/p>\n<p>Weiterf\u00fchrender Bericht auf der Homepage des BFK: <a href=\"https:\/\/uu.ooelfv.at\/aktuelles\/news\/beitrag\/atemschutzleistungspruefung-in-bronze-silber-und-gold\">https:\/\/uu.ooelfv.at\/aktuelles\/news\/beitrag\/atemschutzleistungspruefung-in-bronze-silber-und-gold<\/a><br \/>\nFotos: FF Kirchschlag und BFK UU<br \/>\nBericht: HBM d.F Oberm\u00fcller Daniel<br \/>\n&nbsp;<\/p>\n","protected":false},"excerpt":{"rendered":"<p>Am Freitag, dem 27.02.2026, stellten sich zwei Atemschutztrupps der FF Kirchschlag der Atemschutzleistungspr\u00fcfung in Silber.<\/p>\n","protected":false},"author":6,"featured_media":11304,"comment_status":"closed","ping_status":"closed","sticky":false,"template":"","format":"standard","meta":{"ngg_post_thumbnail":0,"footnotes":"","_jetpack_memberships_contains_paid_content":false},"categories":[1,8],"tags":[],"jetpack_featured_media_url":"https:\/\/www.ffkirchschlag.at\/wp-content\/uploads\/2026\/03\/WhatsApp-Image-2026-03-01-at-09.12.10-4.jpeg","jetpack_sharing_enabled":true,"jetpack_likes_enabled":false,"_links":{"self":[{"href":"https:\/\/www.ffkirchschlag.at\/index.php?rest_route=\/wp\/v2\/posts\/11284"}],"collection":[{"href":"https:\/\/www.ffkirchschlag.at\/index.php?rest_route=\/wp\/v2\/posts"}],"about":[{"href":"https:\/\/www.ffkirchschlag.at\/index.php?rest_route=\/wp\/v2\/types\/post"}],"author":[{"embeddable":true,"href":"https:\/\/www.ffkirchschlag.at\/index.php?rest_route=\/wp\/v2\/users\/6"}],"replies":[{"embeddable":true,"href":"https:\/\/www.ffkirchschlag.at\/index.php?rest_route=%2Fwp%2Fv2%2Fcomments&post=11284"}],"version-history":[{"count":8,"href":"https:\/\/www.ffkirchschlag.at\/index.php?rest_route=\/wp\/v2\/posts\/11284\/revisions"}],"predecessor-version":[{"id":11311,"href":"https:\/\/www.ffkirchschlag.at\/index.php?rest_route=\/wp\/v2\/posts\/11284\/revisions\/11311"}],"wp:featuredmedia":[{"embeddable":true,"href":"https:\/\/www.ffkirchschlag.at\/index.php?rest_route=\/wp\/v2\/media\/11304"}],"wp:attachment":[{"href":"https:\/\/www.ffkirchschlag.at\/index.php?rest_route=%2Fwp%2Fv2%2Fmedia&parent=11284"}],"wp:term":[{"taxonomy":"category","embeddable":true,"href":"https:\/\/www.ffkirchschlag.at\/index.php?rest_route=%2Fwp%2Fv2%2Fcategories&post=11284"},{"taxonomy":"post_tag","embeddable":true,"href":"https:\/\/www.ffkirchschlag.at\/index.php?rest_route=%2Fwp%2Fv2%2Ftags&post=11284"}],"curies":[{"name":"wp","href":"https:\/\/api.w.org\/{rel}","templated":true}]}}