{"id":11252,"date":"2026-02-24T21:24:10","date_gmt":"2026-02-24T19:24:10","guid":{"rendered":"https:\/\/www.ffkirchschlag.at\/?p=11252"},"modified":"2026-02-24T21:39:00","modified_gmt":"2026-02-24T19:39:00","slug":"besuch-der-partnergemeinde-meeder","status":"publish","type":"post","link":"https:\/\/www.ffkirchschlag.at\/?p=11252","title":{"rendered":"Besuch der Partnergemeinde Meeder"},"content":{"rendered":"<p>Vergangenes Wochenende machte sich eine kleine Abordnung der FF Kirchschlag sowie auch Vertreter der Gemeinde Kirchschlag auf den Weg, um unsere Partnergemeinde und Freunde in Meeder (Bayern) zu besuchen.<!--more--><br \/>\nGrund dieses Besuches war die Fahrzeugsegnung von zwei neu angeschafften Fahrzeugen in der Gemeinde Meeder.<br \/>\nWir wurden von den Kameraden der Freiwilligen Feuerwehr Meeder, B\u00fcrgermeister Bernd H\u00f6fer und Vize-B\u00fcrgermeister Matthias Korn herzlich begr\u00fc\u00dft!<br \/>\nNach dem Festakt wurden wir vom Feuerwehrverein Meeder in die Sporthalle eingeladen, wo wir den Abend bei gutem Essen und Getr\u00e4nken sowie in netter Gesellschaft verbrachten.<br \/>\nAm Sonntag gab es dann in der Fr\u00fch noch ein Wei\u00dfwurst-Fr\u00fchst\u00fcck. Anschlie\u00dfend fuhren wir mit Bernd noch durch Meeder bzw. zur ehemligen DDR-Grenze!<\/p>\n<p>Liebe Kameraden der FF Meeder, wir bedanken uns f\u00fcr eure herzliche Gastfreundschaft sowie dem kameradschaftlichen Austausch und freuen uns, euch bald wieder bei uns begr\u00fc\u00dfen zu d\u00fcrfen.<\/p>\nngg_shortcode_0_placeholder\n","protected":false},"excerpt":{"rendered":"<p>Vergangenes Wochenende machte sich eine kleine Abordnung der FF Kirchschlag sowie auch Vertreter der Gemeinde Kirchschlag auf den Weg, um<\/p>\n","protected":false},"author":8,"featured_media":11261,"comment_status":"closed","ping_status":"closed","sticky":false,"template":"","format":"standard","meta":{"ngg_post_thumbnail":0,"footnotes":"","_jetpack_memberships_contains_paid_content":false},"categories":[1],"tags":[],"jetpack_featured_media_url":"https:\/\/www.ffkirchschlag.at\/wp-content\/uploads\/2026\/02\/YAFR0272.jpg","jetpack_sharing_enabled":true,"jetpack_likes_enabled":false,"_links":{"self":[{"href":"https:\/\/www.ffkirchschlag.at\/index.php?rest_route=\/wp\/v2\/posts\/11252"}],"collection":[{"href":"https:\/\/www.ffkirchschlag.at\/index.php?rest_route=\/wp\/v2\/posts"}],"about":[{"href":"https:\/\/www.ffkirchschlag.at\/index.php?rest_route=\/wp\/v2\/types\/post"}],"author":[{"embeddable":true,"href":"https:\/\/www.ffkirchschlag.at\/index.php?rest_route=\/wp\/v2\/users\/8"}],"replies":[{"embeddable":true,"href":"https:\/\/www.ffkirchschlag.at\/index.php?rest_route=%2Fwp%2Fv2%2Fcomments&post=11252"}],"version-history":[{"count":4,"href":"https:\/\/www.ffkirchschlag.at\/index.php?rest_route=\/wp\/v2\/posts\/11252\/revisions"}],"predecessor-version":[{"id":11269,"href":"https:\/\/www.ffkirchschlag.at\/index.php?rest_route=\/wp\/v2\/posts\/11252\/revisions\/11269"}],"wp:featuredmedia":[{"embeddable":true,"href":"https:\/\/www.ffkirchschlag.at\/index.php?rest_route=\/wp\/v2\/media\/11261"}],"wp:attachment":[{"href":"https:\/\/www.ffkirchschlag.at\/index.php?rest_route=%2Fwp%2Fv2%2Fmedia&parent=11252"}],"wp:term":[{"taxonomy":"category","embeddable":true,"href":"https:\/\/www.ffkirchschlag.at\/index.php?rest_route=%2Fwp%2Fv2%2Fcategories&post=11252"},{"taxonomy":"post_tag","embeddable":true,"href":"https:\/\/www.ffkirchschlag.at\/index.php?rest_route=%2Fwp%2Fv2%2Ftags&post=11252"}],"curies":[{"name":"wp","href":"https:\/\/api.w.org\/{rel}","templated":true}]}}